{"id":45798,"date":"2025-01-14T18:48:28","date_gmt":"2025-01-14T18:48:28","guid":{"rendered":"https:\/\/dinocloud.com\/?p=45798"},"modified":"2025-01-16T19:01:38","modified_gmt":"2025-01-16T19:01:38","slug":"charla-conecta-con-tu-futuro-promoting-equity","status":"publish","type":"post","link":"https:\/\/dinocloud.com\/es\/charla-conecta-con-tu-futuro-promoting-equity\/","title":{"rendered":"Charla \u201cConect\u00e1 con tu Futuro\u201d &#8211; Promoting Equity"},"content":{"rendered":"\n<figure class=\"wp-block-image size-full is-resized\"><img fetchpriority=\"high\" decoding=\"async\" width=\"1600\" height=\"1200\" src=\"https:\/\/dinocloud.com\/wp-content\/uploads\/Charla-Conecta-con-tu-futuro-2.jpeg\" alt=\"\" class=\"wp-image-45805\" style=\"object-fit:cover;width:450px;height:438px\" srcset=\"https:\/\/dinocloud.com\/wp-content\/uploads\/Charla-Conecta-con-tu-futuro-2.jpeg 1600w, https:\/\/dinocloud.com\/wp-content\/uploads\/Charla-Conecta-con-tu-futuro-2-650x488.jpeg 650w, https:\/\/dinocloud.com\/wp-content\/uploads\/Charla-Conecta-con-tu-futuro-2-1024x768.jpeg 1024w, https:\/\/dinocloud.com\/wp-content\/uploads\/Charla-Conecta-con-tu-futuro-2-768x576.jpeg 768w, https:\/\/dinocloud.com\/wp-content\/uploads\/Charla-Conecta-con-tu-futuro-2-1536x1152.jpeg 1536w\" sizes=\"(max-width: 1600px) 100vw, 1600px\" \/><\/figure>\n\n\n\n<h2 class=\"wp-block-heading\">Sobre el proyecto<\/h2>\n\n\n\n<p>En marzo de 2024, nos propusimos aprovechar la voz de nuestras colaboradoras mujeres y celebrar su impacto en el mundo de la tecnolog\u00eda. Aprovechando el 8M, organizamos una charla inspiradora dirigida a j\u00f3venes estudiantes, donde compartimos de primera mano c\u00f3mo es ser parte del apasionante universo IT.<\/p>\n\n\n\n<p>Fue un espacio para compartir experiencias reales y motivar a las futuras generaciones a animarse a construir su camino en la industria tecnol\u00f3gica.<\/p>\n\n\n\n<h2 class=\"wp-block-heading\">\u00bfQu\u00e9 hicimos?<\/h2>\n\n\n\n<p>En alianza con la <strong>Fundaci\u00f3n C\u00f3rdoba Mejora<\/strong> fuimos a la <strong>Escuela Secundaria Ipetym 101<\/strong> en la ciudad de C\u00f3rdoba.<\/p>\n\n\n\n<p>Participaron colaboradoras de nuestro equipo de Producto, <strong>Valeria Segalla y Florencia Olmos, <\/strong>y representantes de nuestra \u00e1rea de People<strong> Victoria Riera <\/strong>y<strong> Ana Aciar<\/strong>.<\/p>\n\n\n\n<p>Charlamos sobre el mundo de la tecnolog\u00eda y todas las oportunidades que ofrece este sector en constante evoluci\u00f3n. Exploramos las distintas \u00e1reas y especializaciones dentro del rubro IT y compartimos ideas sobre los cambios en el mundo laboral, destacando la flexibilidad, la colaboraci\u00f3n remota y la creciente demanda de perfiles tecnol\u00f3gicos.<\/p>\n\n\n\n<h2 class=\"wp-block-heading\">Resultados de la iniciativa<\/h2>\n\n\n\n<p>El encuentro tuvo un impacto muy positivo en las estudiantes de 6to a\u00f1o y en los docentes de la instituci\u00f3n, quienes mostraron gran inter\u00e9s en conocer de cerca nuestra experiencia y obtener informaci\u00f3n valiosa sobre el mundo laboral en el sector IT. Fue un espacio enriquecedor donde pudieron resolver dudas, profundizar en las diversas oportunidades que ofrece la industria tecnol\u00f3gica y descubrir c\u00f3mo pueden empezar a construir su propio camino.<\/p>\n\n\n\n<p>Para nuestras colaboradoras, participar como voluntarias fue una experiencia sumamente gratificante. No solo tuvieron la oportunidad de compartir sus historias y conocimientos, sino tambi\u00e9n de inspirar a nuevas generaciones a sumarse al mundo de la tecnolog\u00eda.<\/p>\n\n\n\n<figure class=\"wp-block-image size-large is-resized\"><img decoding=\"async\" width=\"1024\" height=\"768\" src=\"https:\/\/dinocloud.com\/wp-content\/uploads\/Charla-Conecta-con-tu-futuro-3-1024x768.jpeg\" alt=\"\" class=\"wp-image-45804\" style=\"object-fit:cover;width:450px;height:438px\" srcset=\"https:\/\/dinocloud.com\/wp-content\/uploads\/Charla-Conecta-con-tu-futuro-3-1024x768.jpeg 1024w, https:\/\/dinocloud.com\/wp-content\/uploads\/Charla-Conecta-con-tu-futuro-3-650x488.jpeg 650w, https:\/\/dinocloud.com\/wp-content\/uploads\/Charla-Conecta-con-tu-futuro-3-768x576.jpeg 768w, https:\/\/dinocloud.com\/wp-content\/uploads\/Charla-Conecta-con-tu-futuro-3-1536x1152.jpeg 1536w, https:\/\/dinocloud.com\/wp-content\/uploads\/Charla-Conecta-con-tu-futuro-3.jpeg 1600w\" sizes=\"(max-width: 1024px) 100vw, 1024px\" \/><\/figure>\n","protected":false},"excerpt":{"rendered":"<p>En alianza con la Fundaci\u00f3n C\u00f3rdoba Mejora fuimos a la Escuela Secundaria Ipetym 101, C\u00f3rdoba Capital.<\/p>\n","protected":false},"author":14,"featured_media":45805,"comment_status":"closed","ping_status":"open","sticky":false,"template":"","format":"standard","meta":{"content-type":"","_uag_custom_page_level_css":"","advgb_blocks_editor_width":"","advgb_blocks_columns_visual_guide":"","footnotes":""},"categories":[78],"tags":[407],"class_list":["post-45798","post","type-post","status-publish","format-standard","has-post-thumbnail","hentry","category-enterprise","tag-dinoimpact"],"acf":[],"yoast_head":"<!-- This site is optimized with the Yoast SEO plugin v26.5 - https:\/\/yoast.com\/wordpress\/plugins\/seo\/ -->\n<title>Charla \u201cConect\u00e1 con tu Futuro\u201d - Promoting Equity | DinoCloud<\/title>\n<meta name=\"description\" content=\"En alianza con la Fundaci\u00f3n C\u00f3rdoba Mejora fuimos a la Escuela Secundaria Ipetym 101, C\u00f3rdoba Capital.\" \/>\n<meta name=\"robots\" content=\"index, follow, max-snippet:-1, max-image-preview:large, max-video-preview:-1\" \/>\n<link rel=\"canonical\" href=\"https:\/\/dinocloud.com\/es\/charla-conecta-con-tu-futuro-promoting-equity\/\" \/>\n<meta property=\"og:locale\" content=\"es_ES\" \/>\n<meta property=\"og:type\" content=\"article\" \/>\n<meta property=\"og:title\" content=\"Charla \u201cConect\u00e1 con tu Futuro\u201d - Promoting Equity | DinoCloud\" \/>\n<meta property=\"og:description\" content=\"En alianza con la Fundaci\u00f3n C\u00f3rdoba Mejora fuimos a la Escuela Secundaria Ipetym 101, C\u00f3rdoba Capital.\" \/>\n<meta property=\"og:url\" content=\"https:\/\/dinocloud.com\/es\/charla-conecta-con-tu-futuro-promoting-equity\/\" \/>\n<meta property=\"og:site_name\" content=\"DinoCloud\" \/>\n<meta property=\"article:publisher\" content=\"https:\/\/www.facebook.com\/dinocloudcons\" \/>\n<meta property=\"article:published_time\" content=\"2025-01-14T18:48:28+00:00\" \/>\n<meta property=\"article:modified_time\" content=\"2025-01-16T19:01:38+00:00\" \/>\n<meta property=\"og:image\" content=\"https:\/\/dinocloud.com\/wp-content\/uploads\/Charla-Conecta-con-tu-futuro-2.jpeg\" \/>\n\t<meta property=\"og:image:width\" content=\"1600\" \/>\n\t<meta property=\"og:image:height\" content=\"1200\" \/>\n\t<meta property=\"og:image:type\" content=\"image\/jpeg\" \/>\n<meta name=\"author\" content=\"Matias Vega\" \/>\n<meta name=\"twitter:card\" content=\"summary_large_image\" \/>\n<meta name=\"twitter:creator\" content=\"@dinocloud_\" \/>\n<meta name=\"twitter:site\" content=\"@dinocloud_\" \/>\n<meta name=\"twitter:label1\" content=\"Escrito por\" \/>\n\t<meta name=\"twitter:data1\" content=\"Matias Vega\" \/>\n\t<meta name=\"twitter:label2\" content=\"Tiempo de lectura\" \/>\n\t<meta name=\"twitter:data2\" content=\"1 minuto\" \/>\n<script type=\"application\/ld+json\" class=\"yoast-schema-graph\">{\"@context\":\"https:\/\/schema.org\",\"@graph\":[{\"@type\":\"Article\",\"@id\":\"https:\/\/dinocloud.com\/es\/charla-conecta-con-tu-futuro-promoting-equity\/#article\",\"isPartOf\":{\"@id\":\"https:\/\/dinocloud.com\/es\/charla-conecta-con-tu-futuro-promoting-equity\/\"},\"author\":{\"name\":\"Matias Vega\",\"@id\":\"https:\/\/dinocloud.com\/es\/#\/schema\/person\/f092c8b1717b3eb7f4e136db69ab73f8\"},\"headline\":\"Charla \u201cConect\u00e1 con tu Futuro\u201d &#8211; Promoting Equity\",\"datePublished\":\"2025-01-14T18:48:28+00:00\",\"dateModified\":\"2025-01-16T19:01:38+00:00\",\"mainEntityOfPage\":{\"@id\":\"https:\/\/dinocloud.com\/es\/charla-conecta-con-tu-futuro-promoting-equity\/\"},\"wordCount\":303,\"publisher\":{\"@id\":\"https:\/\/dinocloud.com\/es\/#organization\"},\"image\":{\"@id\":\"https:\/\/dinocloud.com\/es\/charla-conecta-con-tu-futuro-promoting-equity\/#primaryimage\"},\"thumbnailUrl\":\"https:\/\/dinocloud.com\/wp-content\/uploads\/Charla-Conecta-con-tu-futuro-2.jpeg\",\"keywords\":[\"dinoimpact\"],\"articleSection\":[\"DinoCloud\"],\"inLanguage\":\"es\"},{\"@type\":\"WebPage\",\"@id\":\"https:\/\/dinocloud.com\/es\/charla-conecta-con-tu-futuro-promoting-equity\/\",\"url\":\"https:\/\/dinocloud.com\/es\/charla-conecta-con-tu-futuro-promoting-equity\/\",\"name\":\"Charla \u201cConect\u00e1 con tu Futuro\u201d - Promoting Equity | DinoCloud\",\"isPartOf\":{\"@id\":\"https:\/\/dinocloud.com\/es\/#website\"},\"primaryImageOfPage\":{\"@id\":\"https:\/\/dinocloud.com\/es\/charla-conecta-con-tu-futuro-promoting-equity\/#primaryimage\"},\"image\":{\"@id\":\"https:\/\/dinocloud.com\/es\/charla-conecta-con-tu-futuro-promoting-equity\/#primaryimage\"},\"thumbnailUrl\":\"https:\/\/dinocloud.com\/wp-content\/uploads\/Charla-Conecta-con-tu-futuro-2.jpeg\",\"datePublished\":\"2025-01-14T18:48:28+00:00\",\"dateModified\":\"2025-01-16T19:01:38+00:00\",\"description\":\"En alianza con la Fundaci\u00f3n C\u00f3rdoba Mejora fuimos a la Escuela Secundaria Ipetym 101, C\u00f3rdoba Capital.\",\"breadcrumb\":{\"@id\":\"https:\/\/dinocloud.com\/es\/charla-conecta-con-tu-futuro-promoting-equity\/#breadcrumb\"},\"inLanguage\":\"es\",\"potentialAction\":[{\"@type\":\"ReadAction\",\"target\":[\"https:\/\/dinocloud.com\/es\/charla-conecta-con-tu-futuro-promoting-equity\/\"]}]},{\"@type\":\"ImageObject\",\"inLanguage\":\"es\",\"@id\":\"https:\/\/dinocloud.com\/es\/charla-conecta-con-tu-futuro-promoting-equity\/#primaryimage\",\"url\":\"https:\/\/dinocloud.com\/wp-content\/uploads\/Charla-Conecta-con-tu-futuro-2.jpeg\",\"contentUrl\":\"https:\/\/dinocloud.com\/wp-content\/uploads\/Charla-Conecta-con-tu-futuro-2.jpeg\",\"width\":1600,\"height\":1200},{\"@type\":\"BreadcrumbList\",\"@id\":\"https:\/\/dinocloud.com\/es\/charla-conecta-con-tu-futuro-promoting-equity\/#breadcrumb\",\"itemListElement\":[{\"@type\":\"ListItem\",\"position\":1,\"name\":\"Home\",\"item\":\"https:\/\/dinocloud.com\/es\/\"},{\"@type\":\"ListItem\",\"position\":2,\"name\":\"Charla \u201cConect\u00e1 con tu Futuro\u201d &#8211; Promoting Equity\"}]},{\"@type\":\"WebSite\",\"@id\":\"https:\/\/dinocloud.com\/es\/#website\",\"url\":\"https:\/\/dinocloud.com\/es\/\",\"name\":\"DinoCloud\",\"description\":\"cloud computing devops services cloud engineering\",\"publisher\":{\"@id\":\"https:\/\/dinocloud.com\/es\/#organization\"},\"potentialAction\":[{\"@type\":\"SearchAction\",\"target\":{\"@type\":\"EntryPoint\",\"urlTemplate\":\"https:\/\/dinocloud.com\/es\/?s={search_term_string}\"},\"query-input\":{\"@type\":\"PropertyValueSpecification\",\"valueRequired\":true,\"valueName\":\"search_term_string\"}}],\"inLanguage\":\"es\"},{\"@type\":\"Organization\",\"@id\":\"https:\/\/dinocloud.com\/es\/#organization\",\"name\":\"DinoCloud\",\"url\":\"https:\/\/dinocloud.com\/es\/\",\"logo\":{\"@type\":\"ImageObject\",\"inLanguage\":\"es\",\"@id\":\"https:\/\/dinocloud.com\/es\/#\/schema\/logo\/image\/\",\"url\":\"\",\"contentUrl\":\"\",\"caption\":\"DinoCloud\"},\"image\":{\"@id\":\"https:\/\/dinocloud.com\/es\/#\/schema\/logo\/image\/\"},\"sameAs\":[\"https:\/\/www.facebook.com\/dinocloudcons\",\"https:\/\/x.com\/dinocloud_\",\"https:\/\/www.instagram.com\/dinocloud_\/\",\"https:\/\/www.linkedin.com\/company\/dinocloud\",\"https:\/\/www.youtube.com\/c\/DinoCloudConsulting\"]},{\"@type\":\"Person\",\"@id\":\"https:\/\/dinocloud.com\/es\/#\/schema\/person\/f092c8b1717b3eb7f4e136db69ab73f8\",\"name\":\"Matias Vega\"}]}<\/script>\n<!-- \/ Yoast SEO plugin. -->","yoast_head_json":{"title":"Charla \u201cConect\u00e1 con tu Futuro\u201d - Promoting Equity | DinoCloud","description":"En alianza con la Fundaci\u00f3n C\u00f3rdoba Mejora fuimos a la Escuela Secundaria Ipetym 101, C\u00f3rdoba Capital.","robots":{"index":"index","follow":"follow","max-snippet":"max-snippet:-1","max-image-preview":"max-image-preview:large","max-video-preview":"max-video-preview:-1"},"canonical":"https:\/\/dinocloud.com\/es\/charla-conecta-con-tu-futuro-promoting-equity\/","og_locale":"es_ES","og_type":"article","og_title":"Charla \u201cConect\u00e1 con tu Futuro\u201d - Promoting Equity | DinoCloud","og_description":"En alianza con la Fundaci\u00f3n C\u00f3rdoba Mejora fuimos a la Escuela Secundaria Ipetym 101, C\u00f3rdoba Capital.","og_url":"https:\/\/dinocloud.com\/es\/charla-conecta-con-tu-futuro-promoting-equity\/","og_site_name":"DinoCloud","article_publisher":"https:\/\/www.facebook.com\/dinocloudcons","article_published_time":"2025-01-14T18:48:28+00:00","article_modified_time":"2025-01-16T19:01:38+00:00","og_image":[{"width":1600,"height":1200,"url":"https:\/\/dinocloud.com\/wp-content\/uploads\/Charla-Conecta-con-tu-futuro-2.jpeg","type":"image\/jpeg"}],"author":"Matias Vega","twitter_card":"summary_large_image","twitter_creator":"@dinocloud_","twitter_site":"@dinocloud_","twitter_misc":{"Escrito por":"Matias Vega","Tiempo de lectura":"1 minuto"},"schema":{"@context":"https:\/\/schema.org","@graph":[{"@type":"Article","@id":"https:\/\/dinocloud.com\/es\/charla-conecta-con-tu-futuro-promoting-equity\/#article","isPartOf":{"@id":"https:\/\/dinocloud.com\/es\/charla-conecta-con-tu-futuro-promoting-equity\/"},"author":{"name":"Matias Vega","@id":"https:\/\/dinocloud.com\/es\/#\/schema\/person\/f092c8b1717b3eb7f4e136db69ab73f8"},"headline":"Charla \u201cConect\u00e1 con tu Futuro\u201d &#8211; Promoting Equity","datePublished":"2025-01-14T18:48:28+00:00","dateModified":"2025-01-16T19:01:38+00:00","mainEntityOfPage":{"@id":"https:\/\/dinocloud.com\/es\/charla-conecta-con-tu-futuro-promoting-equity\/"},"wordCount":303,"publisher":{"@id":"https:\/\/dinocloud.com\/es\/#organization"},"image":{"@id":"https:\/\/dinocloud.com\/es\/charla-conecta-con-tu-futuro-promoting-equity\/#primaryimage"},"thumbnailUrl":"https:\/\/dinocloud.com\/wp-content\/uploads\/Charla-Conecta-con-tu-futuro-2.jpeg","keywords":["dinoimpact"],"articleSection":["DinoCloud"],"inLanguage":"es"},{"@type":"WebPage","@id":"https:\/\/dinocloud.com\/es\/charla-conecta-con-tu-futuro-promoting-equity\/","url":"https:\/\/dinocloud.com\/es\/charla-conecta-con-tu-futuro-promoting-equity\/","name":"Charla \u201cConect\u00e1 con tu Futuro\u201d - Promoting Equity | DinoCloud","isPartOf":{"@id":"https:\/\/dinocloud.com\/es\/#website"},"primaryImageOfPage":{"@id":"https:\/\/dinocloud.com\/es\/charla-conecta-con-tu-futuro-promoting-equity\/#primaryimage"},"image":{"@id":"https:\/\/dinocloud.com\/es\/charla-conecta-con-tu-futuro-promoting-equity\/#primaryimage"},"thumbnailUrl":"https:\/\/dinocloud.com\/wp-content\/uploads\/Charla-Conecta-con-tu-futuro-2.jpeg","datePublished":"2025-01-14T18:48:28+00:00","dateModified":"2025-01-16T19:01:38+00:00","description":"En alianza con la Fundaci\u00f3n C\u00f3rdoba Mejora fuimos a la Escuela Secundaria Ipetym 101, C\u00f3rdoba Capital.","breadcrumb":{"@id":"https:\/\/dinocloud.com\/es\/charla-conecta-con-tu-futuro-promoting-equity\/#breadcrumb"},"inLanguage":"es","potentialAction":[{"@type":"ReadAction","target":["https:\/\/dinocloud.com\/es\/charla-conecta-con-tu-futuro-promoting-equity\/"]}]},{"@type":"ImageObject","inLanguage":"es","@id":"https:\/\/dinocloud.com\/es\/charla-conecta-con-tu-futuro-promoting-equity\/#primaryimage","url":"https:\/\/dinocloud.com\/wp-content\/uploads\/Charla-Conecta-con-tu-futuro-2.jpeg","contentUrl":"https:\/\/dinocloud.com\/wp-content\/uploads\/Charla-Conecta-con-tu-futuro-2.jpeg","width":1600,"height":1200},{"@type":"BreadcrumbList","@id":"https:\/\/dinocloud.com\/es\/charla-conecta-con-tu-futuro-promoting-equity\/#breadcrumb","itemListElement":[{"@type":"ListItem","position":1,"name":"Home","item":"https:\/\/dinocloud.com\/es\/"},{"@type":"ListItem","position":2,"name":"Charla \u201cConect\u00e1 con tu Futuro\u201d &#8211; Promoting Equity"}]},{"@type":"WebSite","@id":"https:\/\/dinocloud.com\/es\/#website","url":"https:\/\/dinocloud.com\/es\/","name":"DinoCloud","description":"cloud computing devops services cloud engineering","publisher":{"@id":"https:\/\/dinocloud.com\/es\/#organization"},"potentialAction":[{"@type":"SearchAction","target":{"@type":"EntryPoint","urlTemplate":"https:\/\/dinocloud.com\/es\/?s={search_term_string}"},"query-input":{"@type":"PropertyValueSpecification","valueRequired":true,"valueName":"search_term_string"}}],"inLanguage":"es"},{"@type":"Organization","@id":"https:\/\/dinocloud.com\/es\/#organization","name":"DinoCloud","url":"https:\/\/dinocloud.com\/es\/","logo":{"@type":"ImageObject","inLanguage":"es","@id":"https:\/\/dinocloud.com\/es\/#\/schema\/logo\/image\/","url":"","contentUrl":"","caption":"DinoCloud"},"image":{"@id":"https:\/\/dinocloud.com\/es\/#\/schema\/logo\/image\/"},"sameAs":["https:\/\/www.facebook.com\/dinocloudcons","https:\/\/x.com\/dinocloud_","https:\/\/www.instagram.com\/dinocloud_\/","https:\/\/www.linkedin.com\/company\/dinocloud","https:\/\/www.youtube.com\/c\/DinoCloudConsulting"]},{"@type":"Person","@id":"https:\/\/dinocloud.com\/es\/#\/schema\/person\/f092c8b1717b3eb7f4e136db69ab73f8","name":"Matias Vega"}]}},"author_meta":{"display_name":"Matias Vega","author_link":"https:\/\/dinocloud.com\/es\/author\/matias-vega\/"},"featured_img":"https:\/\/dinocloud.com\/wp-content\/uploads\/Charla-Conecta-con-tu-futuro-2-650x488.jpeg","uagb_featured_image_src":{"full":["https:\/\/dinocloud.com\/wp-content\/uploads\/Charla-Conecta-con-tu-futuro-2.jpeg",1600,1200,false],"thumbnail":["https:\/\/dinocloud.com\/wp-content\/uploads\/Charla-Conecta-con-tu-futuro-2-300x300.jpeg",300,300,true],"medium":["https:\/\/dinocloud.com\/wp-content\/uploads\/Charla-Conecta-con-tu-futuro-2-650x488.jpeg",650,488,true],"medium_large":["https:\/\/dinocloud.com\/wp-content\/uploads\/Charla-Conecta-con-tu-futuro-2-768x576.jpeg",768,576,true],"large":["https:\/\/dinocloud.com\/wp-content\/uploads\/Charla-Conecta-con-tu-futuro-2-1024x768.jpeg",1024,768,true],"1536x1536":["https:\/\/dinocloud.com\/wp-content\/uploads\/Charla-Conecta-con-tu-futuro-2-1536x1152.jpeg",1536,1152,true],"2048x2048":["https:\/\/dinocloud.com\/wp-content\/uploads\/Charla-Conecta-con-tu-futuro-2.jpeg",1600,1200,false]},"uagb_author_info":{"display_name":"Matias Vega","author_link":"https:\/\/dinocloud.com\/es\/author\/matias-vega\/"},"uagb_comment_info":0,"uagb_excerpt":"En alianza con la Fundaci\u00f3n C\u00f3rdoba Mejora fuimos a la Escuela Secundaria Ipetym 101, C\u00f3rdoba Capital.","coauthors":[],"tax_additional":{"categories":{"linked":["<a href=\"https:\/\/dinocloud.com\/enterprise\/\" class=\"advgb-post-tax-term\">DinoCloud<\/a>"],"unlinked":["<span class=\"advgb-post-tax-term\">DinoCloud<\/span>"]},"tags":{"linked":["<a href=\"https:\/\/dinocloud.com\/enterprise\/\" class=\"advgb-post-tax-term\">dinoimpact<\/a>"],"unlinked":["<span class=\"advgb-post-tax-term\">dinoimpact<\/span>"]}},"comment_count":"0","relative_dates":{"created":"Publicado 1 a\u00f1o hace","modified":"Actualizado 1 a\u00f1o hace"},"absolute_dates":{"created":"Publicado el enero 14, 2025","modified":"Actualizado el enero 16, 2025"},"absolute_dates_time":{"created":"Publicado el enero 14, 2025 6:48 pm","modified":"Actualizado el enero 16, 2025 7:01 pm"},"featured_img_caption":"","series_order":"","_links":{"self":[{"href":"https:\/\/dinocloud.com\/es\/wp-json\/wp\/v2\/posts\/45798","targetHints":{"allow":["GET"]}}],"collection":[{"href":"https:\/\/dinocloud.com\/es\/wp-json\/wp\/v2\/posts"}],"about":[{"href":"https:\/\/dinocloud.com\/es\/wp-json\/wp\/v2\/types\/post"}],"author":[{"embeddable":true,"href":"https:\/\/dinocloud.com\/es\/wp-json\/wp\/v2\/users\/14"}],"replies":[{"embeddable":true,"href":"https:\/\/dinocloud.com\/es\/wp-json\/wp\/v2\/comments?post=45798"}],"version-history":[{"count":0,"href":"https:\/\/dinocloud.com\/es\/wp-json\/wp\/v2\/posts\/45798\/revisions"}],"wp:featuredmedia":[{"embeddable":true,"href":"https:\/\/dinocloud.com\/es\/wp-json\/wp\/v2\/media\/45805"}],"wp:attachment":[{"href":"https:\/\/dinocloud.com\/es\/wp-json\/wp\/v2\/media?parent=45798"}],"wp:term":[{"taxonomy":"category","embeddable":true,"href":"https:\/\/dinocloud.com\/es\/wp-json\/wp\/v2\/categories?post=45798"},{"taxonomy":"post_tag","embeddable":true,"href":"https:\/\/dinocloud.com\/es\/wp-json\/wp\/v2\/tags?post=45798"}],"curies":[{"name":"wp","href":"https:\/\/api.w.org\/{rel}","templated":true}]}}